{"id":414,"date":"2025-03-18T12:53:27","date_gmt":"2025-03-18T11:53:27","guid":{"rendered":"https:\/\/www.elebe.at\/?p=414"},"modified":"2025-03-18T12:53:29","modified_gmt":"2025-03-18T11:53:29","slug":"enlaces-de-interes","status":"publish","type":"post","link":"https:\/\/www.elebe.at\/es\/enlaces-de-interes\/","title":{"rendered":"Enlaces de inter\u00e9s"},"content":{"rendered":"\n<p><em><strong>elebe.at<\/strong><\/em> &nbsp;ponemos a tu disposici\u00f3n enlaces de inter\u00e9s de Austria que creemos pueden ser de tu inter\u00e9s. Los hemos agrupado en diferentes categor\u00edas para facilitar su localizaci\u00f3n.<\/p>\n\n\n\n<p>Para preservar una informaci\u00f3n de calidad, si crees que alguno de los enlaces es incorrecto no dudes en contactarnos a trav\u00e9s de nuestro&nbsp;<a href=\"https:\/\/www.elebe.at\/contacto\/\">formulario de contacto<\/a>.<\/p>\n\n\n\n<p>El equipo de&nbsp;<em><strong>elebe<\/strong><\/em><\/p>\n\n\n\n<h3 class=\"wp-block-heading\"><strong><em><strong><em><strong><em><strong><em>Aprender alem\u00e1n online<\/em><\/strong><\/em><\/strong><\/em><\/strong><\/em><\/strong><\/h3>\n\n\n\n<ul class=\"wp-block-list wp-block-list\">\n<li><a href=\"https:\/\/www.aulafacil.com\/cursos\/aleman-c85\" target=\"_blank\" rel=\"noreferrer noopener\">www.aulafacil.com<\/a><br>Como dice su p\u00e1gina es un formato f\u00e1cil para aprender alem\u00e1n. Cada lecci\u00f3n se complementa con unos ejercicios interactivos que se pueden corregir.<\/li>\n\n\n\n<li><a href=\"http:\/\/www.dw-world.de\/dw\/0,,4642,00.html\" target=\"_blank\" rel=\"noreferrer noopener\">www.dw-world.de<\/a><br>Es un programa radiof\u00f3nico que se puede descargar en mp3 y en PDF; as\u00ed se puede seguir el audio con el impreso.<\/li>\n\n\n\n<li><a href=\"http:\/\/www.curso-de-aleman.de\/\" target=\"_blank\" rel=\"noreferrer noopener sponsored nofollow\">www.curso-de-aleman.de<\/a><br>Esta p\u00e1gina es distinta y muy completa en alem\u00e1n y espa\u00f1ol, de tal manera, que al pasar el rat\u00f3n sobre el texto, se cambia el idioma.<\/li>\n\n\n\n<li><a href=\"http:\/\/www.german-grammar.de\/\" target=\"_blank\" rel=\"noreferrer noopener\">www.german-grammar.de<\/a><br>Sitio muy completo y entretenido para aprender alem\u00e1n desde el ingl\u00e9s. Ejemplos, v\u00eddeos, cultura y foros. Vale la pena perderse en esta p\u00e1gina.<\/li>\n\n\n\n<li><a href=\"https:\/\/www.duden.de\/\" target=\"_blank\" rel=\"noreferrer noopener\">www.duden.de<\/a><br>Ante la duda, lo mejor consultar el Duden, toda una instituci\u00f3n en el mundo del alem\u00e1n.<\/li>\n\n\n\n<li><a href=\"http:\/\/www.slowgerman.com\/\" target=\"_blank\" rel=\"noreferrer noopener\">www.slowgerman.com<\/a> <br>Una buena web con audiciones y sus transcripciones, de muchos temas actuales y distintos niveles. Tienes tambi\u00e9n material de aprendizaje. Se han puesto ex\u00e1menes de la EOI en Espa\u00f1a de esta web.<\/li>\n<\/ul>\n\n\n\n<h3 class=\"wp-block-heading\"><strong><em><strong><em>Asociaciones hispanohablantes<\/em><\/strong><\/em><\/strong><\/h3>\n\n\n\n<ul class=\"wp-block-list wp-block-list\">\n<li>Asociaci\u00f3n austriaca de profesores de espa\u00f1ol (AAPE)<br><a href=\"http:\/\/www.aape.at\/\" target=\"_blank\" rel=\"noreferrer noopener\">www.aape.at<\/a><\/li>\n\n\n\n<li>Asociaci\u00f3n cultural Hijos del Sol<br><a href=\"https:\/\/www.kindergruppe-sonnenkinder.at\/\">www.hijosdelsol-vienna.com<\/a><\/li>\n\n\n\n<li>Gro\u00dfes Schiff<br>Una asociaci\u00f3n intercultural es una asociaci\u00f3n intercultural sin fines de lucro para la labor pedag\u00f3gica y art\u00edstica a trav\u00e9s de la danza, el teatro, la m\u00fasica y las artes aplicadas.<br><a href=\"http:\/\/www.grosses-schiff.org\/\" target=\"_blank\" rel=\"noreferrer noopener\">www.grosses-schiff.org<\/a><\/li>\n<\/ul>\n\n\n\n<ul class=\"wp-block-list wp-block-list\">\n<li>Asociaci\u00f3n hispano-austriaca de juristas<br><a href=\"http:\/\/www.ahauj-oesjv.com\/\" target=\"_blank\" rel=\"noreferrer noopener\">www.ahauj-oesjv.com<\/a><\/li>\n<\/ul>\n\n\n\n<h3 class=\"wp-block-heading\"><em><strong><em><strong>Cultura<\/strong><\/em><\/strong><\/em><\/h3>\n\n\n\n<ul class=\"wp-block-list wp-block-list\">\n<li><a href=\"https:\/\/hispaviena.com\/de\/index.html\">Hispaviena<\/a>, gu\u00eda cultural de eventos del mundo hispanohablante en Viena.<a href=\"https:\/\/hispaviena.com\/de\/index.html\" target=\"_blank\" rel=\"noreferrer noopener\">  <\/a><\/li>\n\n\n\n<li>Biblioteca del Instituto Cervantes<br>Schwarzenbergplatz, 2 A-1010 Wien<br>Tfno: +43-1-505 25 35 13 Fax: +43-1-505 25 35 18<br><a href=\"http:\/\/viena.cervantes.es\/es\/biblioteca_espanol\/biblioteca_espanol.htm\" target=\"_blank\" rel=\"noreferrer noopener\">Blog de la biblioteca del Instituto Cervantes<br>bibliotecajuangelman.blogspot.com<\/a><br>E-mail:\u00a0<a href=\"mailto:bibvie@cervantes.es\">bibvie@cervantes.es<\/a><\/li>\n<\/ul>\n\n\n\n<h3 class=\"wp-block-heading\"><em><strong>Cursos de espa\u00f1ol en Viena<\/strong><\/em><\/h3>\n\n\n\n<p><strong><em><a href=\"https:\/\/www.elebe.at\/de\/sprachkurse\/\">Ninguno porque en Viena ya est\u00e1\u00a0<\/a>elebe &#8211; mehr als Spanisch<\/em><\/strong><br><strong>\u00a1El aula m\u00e1s moderna de Viena!<\/strong>\u00a0<br>Volkertplatz 1\/19, 1020 Wien, Austria<br>Tel. 0699 11 547177<br><a href=\"https:\/\/www.elebe.at\/cursos\/\">Busca tu curso<\/a><br><a href=\"https:\/\/www.elebe.at\/academia-idiomas\/\" target=\"_blank\" rel=\"noreferrer noopener\">Personal nativo y altamente cualificado.<\/a>\u00a0Aprendizaje l\u00fadico con grupos reducidos (m\u00e1ximo 8 en presencial).\u00a0<\/p>\n\n\n\n<h3 class=\"wp-block-heading\">cursos online de espa\u00f1ol<\/h3>\n\n\n\n<p>Cursos online con profe, e-learning por tu cuenta; pero tambi\u00e9n semipresencial o mixto, no es necesario vivir en Viena.<br><a href=\"\/?product_cat=online-con-profesor\">Nuestras modalidades.<\/a><\/p>\n\n\n\n<p><\/p>\n\n\n\n<h3 class=\"wp-block-heading\"><em><strong>Datos de Austria<\/strong><\/em><\/h3>\n\n\n\n<ul class=\"wp-block-list wp-block-list\">\n<li>Datos generales: sistema fiscal, poblaci\u00f3n, marco econ\u00f3mico<br><a href=\"http:\/\/www.oficinascomerciales.es\/\" target=\"_blank\" rel=\"noreferrer noopener\">www.oficinascomerciales.es<\/a>\u00a0(Gu\u00eda de Austria)<\/li>\n\n\n\n<li>Informaci\u00f3n pr\u00e1ctica<br><a href=\"http:\/\/www.oficinascomerciales.es\/\" target=\"_blank\" rel=\"noreferrer noopener\">www.oficinascomerciales.es<\/a>\u00a0(Austria- Informaci\u00f3n pr\u00e1ctica)<\/li>\n\n\n\n<li>Informaci\u00f3n tur\u00edstica en espa\u00f1ol<br><a href=\"http:\/\/www.austria.info\/es\" target=\"_blank\" rel=\"noreferrer noopener\">www.austria.info\/es<\/a><\/li>\n<\/ul>\n\n\n\n<ul class=\"wp-block-list wp-block-list\">\n<li><a href=\"http:\/\/www.justlanded.com\/espanol\/Austria\" target=\"_blank\" rel=\"noreferrer noopener\">www.justlanded.com\/espanol\/Austria<\/a><\/li>\n\n\n\n<li>100 cosas que hacer en Austria<br><a href=\"https:\/\/www.jenreviews.com\/best-things-to-do-in-austria\/\" target=\"_blank\" rel=\"noreferrer noopener\">www.jenreviews.com\/best-things-to-do-in-austria<\/a><\/li>\n<\/ul>\n\n\n\n<p><\/p>\n\n\n\n<h3 class=\"wp-block-heading\"><em><strong>Diccionarios<\/strong><\/em><\/h3>\n\n\n\n<h4 class=\"wp-block-heading\">Diccionarios de alem\u00e1n<\/h4>\n\n\n\n<ul class=\"wp-block-list wp-block-list\">\n<li>Duden: la m\u00e1xima instancia para todo tipo de dudas acerca de la lengua alemana y su escritura <br> <a href=\"http:\/\/www.duden-suche.de\/\" target=\"_blank\" rel=\"noreferrer noopener\">www.duden.de<\/a><\/li>\n\n\n\n<li>The free dictionary <a href=\"http:\/\/de.thefreedictionary.com\/\" target=\"_blank\" rel=\"noreferrer noopener\"> <\/a> <a href=\"https:\/\/de.thefreedictionary.com\/\" target=\"_blank\" rel=\"noreferrer noopener\">de.thefreedictionary.com<\/a><\/li>\n<\/ul>\n\n\n\n<h4 class=\"wp-block-heading\">Diccionario de espa\u00f1ol<\/h4>\n\n\n\n<ul class=\"wp-block-list wp-block-list\">\n<li>Clave, diccionarios SM: <a href=\"http:\/\/clave.librosvivos.net\/\" target=\"_blank\" rel=\"noreferrer noopener\">clave.librosvivos.net<\/a><\/li>\n\n\n\n<li>Real\u00a0 Academia Espa\u00f1ola y Diccionario panhisp\u00e1nico de dudas :\u00a0<a href=\"http:\/\/www.rae.es\/\" target=\"_blank\" rel=\"noreferrer noopener\">www.rae.es<\/a><\/li>\n\n\n\n<li>Diccionario de espa\u00f1ol, tambi\u00e9n ingl\u00e9s-espa\u00f1ol: <a href=\"http:\/\/www.wordreference.com\/definicion\/\" target=\"_blank\" rel=\"noreferrer noopener\">www.wordreference.com<\/a><\/li>\n\n\n\n<li>The free dictionary: <a href=\"http:\/\/es.thefreedictionary.com\/\" target=\"_blank\" rel=\"noreferrer noopener\">es.thefreedictionary.com<\/a><\/li>\n<\/ul>\n\n\n\n<h4 class=\"wp-block-heading\">Diccionario de alem\u00e1n-espa\u00f1ol<\/h4>\n\n\n\n<ul class=\"wp-block-list wp-block-list\">\n<li>http:\/\/pons.euEur-lex, el acceso al Derecho de la Uni\u00f3n Europea: <a href=\"https:\/\/eur-lex.europa.eu\/homepage.html?locale=es\" target=\"_blank\" rel=\"noreferrer noopener\">eur-lex.europa.eu<\/a><\/li>\n\n\n\n<li>Proz.com<figure><img decoding=\"async\" src=\"http:\/\/edgecast.proz.com\/images\/spacer.gif\" alt=\"\"><\/figure>\u00a0El punto de encuentro de las traducciones, en muchos idiomas:<a href=\"http:\/\/www.proz.com\/search\/\" target=\"_blank\" rel=\"noreferrer noopener\"> www.proz.com<\/a><\/li>\n\n\n\n<li>El diccionaro online gratuito de Pons: <a href=\"https:\/\/de.pons.com\/\">pons<\/a> (tambi\u00e9n espa\u00f1ol-ingl\u00e9s)<\/li>\n\n\n\n<li>Dict.cc: Diccionario Espa\u00f1ol-Alem\u00e1n y otros idiomas: <a href=\"http:\/\/dees.dict.cc\/\" target=\"_blank\" rel=\"noreferrer noopener\">dees.dict.cc<\/a><\/li>\n\n\n\n<li>Dict Leo, servicio online de\u00a0\u00a0LEO GmbH: <a href=\"https:\/\/dict.leo.org\/spanisch-deutsch\/\" target=\"_blank\" rel=\"noreferrer noopener\">dict.leo.org<\/a><\/li>\n\n\n\n<li><a href=\"http:\/\/www.hueber.de\/woerterbuch\/online\/\" target=\"_blank\" rel=\"noreferrer noopener\">www.hueber.de\/woerterbuch\/online\/<\/a><\/li>\n\n\n\n<li>Linguee.com &#8211; the web as a dictionary: <a href=\"http:\/\/www.linguee.com\/\" target=\"_blank\" rel=\"noreferrer noopener\">www.linguee.com<\/a><\/li>\n<\/ul>\n\n\n\n<h3 class=\"wp-block-heading\"><em><strong>P\u00e1ginas Web Latinoamericanas<\/strong><\/em><\/h3>\n\n\n\n<ul class=\"wp-block-list wp-block-list\">\n<li>Agenda latinoamericana en Viena. Espacio est\u00e1 dedicado a acontecimientos y actividades relacionadas con Latinoam\u00e9rica o con la comunidad latinoamericana o de inter\u00e9s de \u00e9sta en la ciudad de Viena y sus alrededores.<a href=\"http:\/\/vienalatina.blogspot.com\/\">http:\/\/vienalatina.blogspot.com\/<\/a><\/li>\n\n\n\n<li>Chur\u00fam-mer\u00fa.\u00a0<a href=\"http:\/\/www.churum-meru.org\/\" target=\"_blank\" rel=\"noreferrer noopener\">Portal cultural latinoamericano.\u00a0<\/a><\/li>\n\n\n\n<li><a href=\"http:\/\/www.churum-meru.org\/\" target=\"_blank\" rel=\"noreferrer noopener\">www.churum-meru.org<\/a><\/li>\n<\/ul>\n\n\n\n<h3 class=\"wp-block-heading\"><em><strong>Radio, televisi\u00f3n y publicaciones<\/strong><\/em><\/h3>\n\n\n\n<ul class=\"wp-block-list wp-block-list\">\n<li>Latin Lounge Orange 94.0<br>M\u00fasica e informaci\u00f3n sobre la vida cultural en Viena as\u00ed como diferentes puntos de inter\u00e9s com\u00fan entre Austria y Latinoam\u00e9rica.<br><a href=\"http:\/\/o94.at\/programs\/latin-lounge\/\" target=\"_blank\" rel=\"noreferrer noopener\">\/\/o94.at\/programs\/latin-lounge\/<\/a><br><strong>Horario de emisi\u00f3n:<\/strong>\u00a0martes 14:00-15:00 y mi\u00e9rcoles 19:00-20:00<\/li>\n<\/ul>\n\n\n\n<h3 class=\"wp-block-heading\"><em><strong>Restaurantes en Alta Austria<\/strong><\/em><\/h3>\n\n\n\n<ul class=\"wp-block-list wp-block-list\">\n<li>Kaffeehaus<br>Kino-Cafe<br>Schlo\u00dfgasse 23<br>A-4760 Raab<br>Imbiss \/ Fast Food, cocina espa\u00f1ola<\/li>\n<\/ul>\n\n\n\n<ul class=\"wp-block-list wp-block-list\">\n<li>Cantina Mexicana<br>Kornweg 2<br>A-4780 Sch\u00e4rding<br>Tel: 07712\/29020<\/li>\n<\/ul>\n\n\n\n<ul class=\"wp-block-list wp-block-list\">\n<li>Bodega &amp; mehr&#8230;<br>Graben 22<br>A-4690 Schwanenstadt<br>Tel:\u00a0\u00a0 0664\/5325777<br>Mail:\u00a0\u00a0<a href=\"mailto:lenz.bodega@a1.net\">lenz.bodega@a1.net<\/a><\/li>\n\n\n\n<li>Cantina Bar Laredo (Mexicano)<br>Kaisersch\u00fctzenstra\u00dfe 1<br>\u00a0A-4690 Schwanenstadt<br>Tel: 07673\/4237<\/li>\n<\/ul>\n\n\n\n<h3 class=\"wp-block-heading\">Restaurantes en <strong>Salzburgo<\/strong><\/h3>\n\n\n\n<ul class=\"wp-block-list wp-block-list\">\n<li>Acapulco (Mexikanisch)<br>Halleiner Landesstr 37<br>5061 Elsbethen\u00a0<br>Tel. 0662 634605<\/li>\n<\/ul>\n\n\n\n<ul class=\"wp-block-list wp-block-list\">\n<li>Lemonchilli Cantina &amp; Bar (Mexicano)<br>Nonntaler Hauptstr 24<br>5020 Salzburgo<br>Tel.0 662 842558<br><a href=\"http:\/\/www.lemonchilli.at\/\" target=\"_blank\" rel=\"noreferrer noopener\">www.lemonchilli.at\u00a0<\/a><\/li>\n<\/ul>\n\n\n\n<ul class=\"wp-block-list wp-block-list\">\n<li>Santa Fe (Mexikanisch)<br>Wiener Bundesstr 7<br>5300 Hallwang<br>Tel.0662 665824<br><a href=\"http:\/\/www.santafe.at\/\" target=\"_blank\" rel=\"noreferrer noopener\">www.santafe.at<\/a><br><\/li>\n<\/ul>\n\n\n\n<h3 class=\"wp-block-heading\">Restaurantes en Viena<\/h3>\n\n\n\n<ul class=\"wp-block-list wp-block-list\">\n<li>LOLA &#8211; Spanisches Tapas Restaurant<br>Gonzagagasse 14, 1010 Wien \u00a0<\/li>\n\n\n\n<li>Michls Churrascar\u00eda (Brasilero)<br>Schellingasse 12, 1010 Viena Tel. 01 512 04 45 <\/li>\n\n\n\n<li>\u00a0Estancia Santa Cruz (Latinoamericano)<br>Prater Hauptallee 8, 1020 Viena Tel. 01 728 03 80<br><a href=\"http:\/\/www.santacruz.at\/\" target=\"_blank\" rel=\"noreferrer noopener\">www.santacruz.at<\/a> <\/li>\n\n\n\n<li>Pancho (Mexicano)<br>Blumauergasse 1a, 1020 Viena Tel. 01 212 58 69<br><a href=\"http:\/\/www.pancho.at\/\" target=\"_blank\" rel=\"noreferrer noopener\">www.pancho.at<\/a> <\/li>\n\n\n\n<li>Manzana &#8211; Restaurante Espa\u00f1ol<br>Apfelgasse 1 1040 Viena Tel. 01 504 75 40<br><a href=\"http:\/\/www.manzana.at\/\" target=\"_blank\" rel=\"noreferrer noopener\">www.manzana.at<\/a><\/li>\n\n\n\n<li>Tin-Tan Tacos &amp; Bar (Mexicano)<br>Florianigasse 1, 1080 Viena\u00a0 Tel. 01 924 44 40<\/li>\n\n\n\n<li>Puerta del Sol &#8211; Tapas Bar (Espa\u00f1ol)<br>Lange Gasse 52, 1080 Wien Telf. +43 (0) 664 423 38 38<\/li>\n\n\n\n<li>Filippo &amp; Raffaele (Espa\u00f1ol-italiano)<br>Richard Wagner Platz 17, 1160 Viena<br>Tel. 01 485 67 57<br><a href=\"http:\/\/www.pizzeriadafilippo.at\/\" target=\"_blank\" rel=\"noreferrer noopener\">www.pizzeriadafilippo.at<\/a><\/li>\n\n\n\n<li>An der Grenze mit dem 23. Bezirk<br>El Gusto Espa\u00f1ol<br>Wiener Gasse 7-9A, 2380 Perchtoldsdorf<br><a href=\"mailto:elgusto@espanol.at\">elgusto@espanol.at<\/a><\/li>\n<\/ul>\n\n\n\n<h3 class=\"wp-block-heading\"><strong><em>Talleres y grupos infantiles<\/em><\/strong><\/h3>\n\n\n\n<ul class=\"wp-block-list wp-block-list\">\n<li>A la Rueda rueda<br>Taller cultural interdisciplinario infantil en espa\u00f1ol<br><a href=\"http:\/\/www.alaruedarueda.org\/\" target=\"_blank\" rel=\"noreferrer noopener\">www.alaruedarueda.org<\/a><\/li>\n\n\n\n<li>Estrellas, grupos infantiles espa\u00f1oles en Viena<\/li>\n\n\n\n<li>Jard\u00edn de Infancia Casa Latina<br><a href=\"http:\/\/www.casalatina.or.at\/index.php?id=48\" target=\"_blank\" rel=\"noreferrer noopener\">www.casalatina.or.at<\/a><\/li>\n<\/ul>\n\n\n\n<p><\/p>\n\n\n\n<h3 class=\"wp-block-heading\"><strong><em>Tiendas y distribuidoras en Austria<\/em><\/strong><\/h3>\n\n\n\n<ul class=\"wp-block-list wp-block-list\">\n<li>Casa Mexico en Spittelberg<br>Siebensterngasse 16a<br>1070 Viena<\/li>\n\n\n\n<li>El Gusto Espa\u00f1ol<br>Wiener Gasse 7-9A, 2380 Perchtoldsdorf\u00a0<\/li>\n\n\n\n<li>Empanadas<br>Tel. 01 8899833 0650 8899838<br>Isoppgasse 20, 1230 Viena<br><a href=\"http:\/\/www.empanadas.at\/\" target=\"_blank\" rel=\"noreferrer noopener\">www.empanadas.at<\/a><\/li>\n\n\n\n<li>Ignacio Garc\u00eda Vicente<br>ignacio vinos e ib\u00e9ricos<br>Salztorgasse 7\/1 1010 Viena (Austria)<br>T: +43 (0) 1 922 08 51<br><a href=\"http:\/\/www.ignacio.at\/\" target=\"_blank\" rel=\"noreferrer noopener\">www.ignacio.at<\/a><\/li>\n\n\n\n<li>Mex &amp; Co<br>Webgasse 42<br>1060 Viena<br>T. +43 (0) 194 25 643<br><a href=\"http:\/\/www.mexandco.at\/\" target=\"_blank\" rel=\"noreferrer noopener\">www.mexandco.at<\/a><\/li>\n\n\n\n<li>Prosi Exotic Supermarket<br>Neubaug\u00fcrtel 44 (U6 Burggasse)<br>1070 Viena<\/li>\n\n\n\n<li>Casa Mexico en La Tiendita<br>Wasserweg 8<br>4730\u00a0<strong>Waizenkirchen<\/strong><br><\/li>\n<\/ul>\n\n\n\n<h3 class=\"wp-block-heading\"><em><strong>Trabajar en Austria<\/strong><\/em><\/h3>\n\n\n\n<p>Esta es una nueva secci\u00f3n que iremos rellenando poco a poco con enlaces interesantes para la b\u00fasqueda de empleo. Os recomendamos aprender ingl\u00e9s y alem\u00e1n antes de buscar trabajo. \u00a1Suerte!<\/p>\n\n\n\n<ul class=\"wp-block-list wp-block-list\">\n<li>Das Tourismus-Jobportal &#8211; Portal de empleo en sector tur\u00edstico, p\u00e1gina en parte tambi\u00e9n en espa\u00f1ol<br><a href=\"http:\/\/www.hogastjob.com\/\">www.hogastjob.com<\/a><\/li>\n\n\n\n<li>\u00a0El portal oficial de la econom\u00eda austr\u00edaca en el exterior. Aqu\u00ed encontrar\u00e1 a las empresas austriacas interesadas en exportaci\u00f3n, importaci\u00f3n y relaciones comerciales a escala internacional: <a href=\"http:\/\/www.advantageaustria.org\/\" target=\"_blank\" rel=\"noreferrer noopener\">www.advantageaustria.org<\/a><\/li>\n\n\n\n<li>\u00a0Ofertas de empleo en Alemania y Espa\u00f1a: <a href=\"http:\/\/www.conexion-empleo.com\/de\" target=\"_blank\" rel=\"noreferrer noopener\">www.conexion-empleo.com<\/a><\/li>\n\n\n\n<li>\u00a0<a href=\"http:\/\/www.careerjet.at\/\" target=\"_blank\" rel=\"noreferrer noopener\">www.careerjet.at<\/a><br>Es un motor de b\u00fasqueda de empleo en Austria. Con una simple b\u00fasqueda, Opci\u00f3n empleo le da al demandante de empleo acceso a una gran selecci\u00f3n de trabajos que son recopilados de diversas fuentes de Internet, ahorrando la molestia de tener que visitar cada p\u00e1gina por separado.<\/li>\n\n\n\n<li><a href=\"https:\/\/www.ams.at\" target=\"_blank\" rel=\"noreferrer noopener\">Oficina de empleo de Austria<\/a>.<\/li>\n<\/ul>\n\n\n\n<p><\/p>\n\n\n\n<h3 class=\"wp-block-heading\"><em><strong>Varios<\/strong><\/em><\/h3>\n\n\n\n<ul class=\"wp-block-list wp-block-list\">\n<li>Europa, el portal de la Uni\u00f3n Europea:\u00a0<a href=\"http:\/\/europa.eu\/index_es.htm\" target=\"_blank\" rel=\"noreferrer noopener\">http:\/\/europa.eu\/index_es.htm<\/a><\/li>\n<\/ul>\n\n\n\n<h2 class=\"wp-block-heading\"><\/h2>\n","protected":false},"excerpt":{"rendered":"<p>elebe.at &nbsp;ponemos a tu disposici\u00f3n enlaces de inter\u00e9s de Austria que creemos pueden ser de tu inter\u00e9s. Los [&#8230;]<\/p>\n<p><a class=\"read-more-arrow\" href=\"https:\/\/www.elebe.at\/es\/enlaces-de-interes\/\"><svg width=\"106\" height=\"31\" id=\"Capa_2\" xmlns=\"http:\/\/www.w3.org\/2000\/svg\" viewBox=\"0 0 105.75 31.05\">\n                <g id=\"Capa_1-2\" fill=\"var(--bs-primary)\">\n                    <path class=\"cls-1\" d=\"M97.42,8.06c-.44-.46-.68-.74-.96-.98-1.25-1.09-2.51-2.16-3.75-3.26-.37-.33-.75-.66-1.06-1.04-.65-.81-.68-1.64-.13-2.26.56-.63,1.38-.7,2.25-.16.28.17.54.39.79.6,3.06,2.62,6.12,5.24,9.17,7.88.46.4.92.81,1.29,1.28,1.12,1.39.92,2.84-.53,3.85-.49.34-1.06.6-1.6.86-2.99,1.41-6,2.81-8.99,4.22-1.66.78-2.02.8-3.66.07-.13-1.46.74-2.33,1.91-2.94,2.06-1.06,4.16-2.05,6.24-3.07.47-.23.93-.47,1.35-.85-2.57-.99-5.17-1.31-7.76-.53-2.11.63-4.18,1.43-6.18,2.34-4.3,1.95-8.14,4.65-11.94,7.41-2.28,1.65-4.52,3.38-6.91,4.85-2.25,1.38-4.63,2.56-7.04,3.64-1.24.55-2.64.81-3.99,1-3.01.42-5.58-.58-7.52-2.91-.91-1.09-1.69-2.32-2.36-3.58-.83-1.55-1.48-3.2-2.23-4.8-.66-1.4-1.27-2.83-2.03-4.16-2.33-4.06-5.35-5.57-9.97-4.68-2.42.47-4.83,1.23-7.07,2.23-7.84,3.49-14.82,8.29-20.89,14.38-.47.47-.94.95-1.48,1.31-.59.4-1.26.4-1.83-.11-.56-.51-.65-1.17-.34-1.82.23-.49.57-.96.96-1.33,1.83-1.75,3.62-3.57,5.58-5.18,5.57-4.59,11.64-8.38,18.35-11.1,2.51-1.02,5.1-1.78,7.83-1.96,4.63-.3,8.34,1.36,10.92,5.23,1.03,1.55,1.85,3.26,2.67,4.94.98,1.98,1.77,4.05,2.8,6,2.25,4.24,4.64,5.23,9.13,3.5,2.45-.95,4.8-2.24,7.04-3.62,2.44-1.5,4.71-3.27,7.04-4.96,3.72-2.69,7.51-5.26,11.69-7.19,1.8-.83,3.66-1.55,5.52-2.23,2.1-.77,4.29-1.02,6.52-.88.3.02.61.02,1.19.03Z\"\/>\n                <\/g>\n                <\/svg><\/a><\/p>\n","protected":false},"author":2,"featured_media":0,"comment_status":"closed","ping_status":"open","sticky":false,"template":"","format":"standard","meta":{"_acf_changed":false,"footnotes":""},"categories":[513],"tags":[],"class_list":["post-414","post","type-post","status-publish","format-standard","hentry","category-enlaces-de-interes"],"acf":[],"_links":{"self":[{"href":"https:\/\/www.elebe.at\/es\/wp-json\/wp\/v2\/posts\/414","targetHints":{"allow":["GET"]}}],"collection":[{"href":"https:\/\/www.elebe.at\/es\/wp-json\/wp\/v2\/posts"}],"about":[{"href":"https:\/\/www.elebe.at\/es\/wp-json\/wp\/v2\/types\/post"}],"author":[{"embeddable":true,"href":"https:\/\/www.elebe.at\/es\/wp-json\/wp\/v2\/users\/2"}],"replies":[{"embeddable":true,"href":"https:\/\/www.elebe.at\/es\/wp-json\/wp\/v2\/comments?post=414"}],"version-history":[{"count":35,"href":"https:\/\/www.elebe.at\/es\/wp-json\/wp\/v2\/posts\/414\/revisions"}],"predecessor-version":[{"id":17669,"href":"https:\/\/www.elebe.at\/es\/wp-json\/wp\/v2\/posts\/414\/revisions\/17669"}],"wp:attachment":[{"href":"https:\/\/www.elebe.at\/es\/wp-json\/wp\/v2\/media?parent=414"}],"wp:term":[{"taxonomy":"category","embeddable":true,"href":"https:\/\/www.elebe.at\/es\/wp-json\/wp\/v2\/categories?post=414"},{"taxonomy":"post_tag","embeddable":true,"href":"https:\/\/www.elebe.at\/es\/wp-json\/wp\/v2\/tags?post=414"}],"curies":[{"name":"wp","href":"https:\/\/api.w.org\/{rel}","templated":true}]}}