{"id":423,"date":"2020-05-15T08:49:00","date_gmt":"2020-05-15T06:49:00","guid":{"rendered":"https:\/\/www.elebe.at\/?p=423"},"modified":"2021-02-02T16:29:06","modified_gmt":"2021-02-02T15:29:06","slug":"canfranc-un-enclave-estrategico-en-el-pirineo-aragones","status":"publish","type":"post","link":"https:\/\/www.elebe.at\/es\/canfranc-un-enclave-estrategico-en-el-pirineo-aragones\/","title":{"rendered":"CANFRANC, un enclave estrat\u00e9gico en el Pirineo Aragon\u00e9s"},"content":{"rendered":"\n<p>Canfranc es una villa del municipio de la Jacetania, en la provincia de Huesca. Es un paso fronterizo entre Espa\u00f1a y Francia; contrabandistas, esp\u00edas y fugitivos utilizaban este medio para transitar a trav\u00e9s de sus monta\u00f1as.<\/p>\n\n\n\n<p>Por ser punto fronterizo, Pedro IV, en el siglo XIV, le concedi\u00f3 el privilegio del vino que consist\u00eda en poder transportar vino blanco y tinto sin pagar impuestos.<br>M\u00e1s tarde, Mar\u00eda de Castilla en el 1440 le dio el derecho de rota que les obligaba a defender el camino a la frontera, a cambio de la exenci\u00f3n de impuestos y el cobro de derecho de peaje y aduana.<br>&nbsp;Sin embargo, lo m\u00e1s conocido del pueblo es su estaci\u00f3n, un edificio admirado por todo el mundo y catalogada como monumento el 6 de marzo de 2002.<\/p>\n\n\n\n<figure class=\"wp-block-image size-large\"><a href=\"https:\/\/1.bp.blogspot.com\/-BFFNAvoRsoE\/Xr42LH2xTeI\/AAAAAAAADZI\/pdnkUp7xm18zLElQriomeTCnfV2-NKhNQCLcBGAsYHQ\/s1600\/canfranc1.jpg\"><img loading=\"lazy\" decoding=\"async\" width=\"960\" height=\"720\" src=\"https:\/\/www.elebe.at\/wp-content\/uploads\/canfranc1.jpg\" alt=\"\" class=\"wp-image-425\" srcset=\"https:\/\/www.elebe.at\/wp-content\/uploads\/canfranc1.jpg 960w, https:\/\/www.elebe.at\/wp-content\/uploads\/canfranc1-400x300.jpg 400w, https:\/\/www.elebe.at\/wp-content\/uploads\/canfranc1-768x576.jpg 768w\" sizes=\"auto, (max-width: 960px) 100vw, 960px\" \/><\/a><\/figure>\n\n\n\n<p>La estaci\u00f3n de Canfranc fue pensada para unir Francia y Espa\u00f1a en un convenio que firmaron ambos pa\u00edses en 1904 y 1915.&nbsp; En 1923 se iniciaron las obras de la estaci\u00f3n con el proyecto de Fernando Ram\u00edrez de Dampierre, aunque hubo algunas modificaciones por parte de los ingenieros del Ministerio de Fomento, que quer\u00edan cambiar la mamposter\u00eda de las fachadas.<br>El 18 de julio de 1928, el rey de Espa\u00f1a, Alfonso XIII, inaugur\u00f3 el nuevo edificio junto con el presidente de la Rep\u00fablica Francesa, Gast\u00f3n Doumergue.<\/p>\n\n\n\n<p>Es una estaci\u00f3n de gran dimensi\u00f3n porque reun\u00eda en un mismo espacio las necesidades de un paso internacional con elementos desdoblados, como taquillas, oficinas de ambos pa\u00edses, comisar\u00edas de polic\u00eda, correos, tel\u00e9grafos, enfermer\u00eda, hacienda, cantina, restaurante, aduanas de ambos pa\u00edses, cambio de monedas etc\u2026<\/p>\n\n\n\n<p>Los letreros est\u00e1n en espa\u00f1ol y franc\u00e9s porque hab\u00eda dos mitades y la propia estaci\u00f3n funcionaba como frontera de ambos pa\u00edses.<br>En 1931 hubo un incendio que ocasion\u00f3 da\u00f1os importantes a la estructura. Durante la Guerra Civil fue clausurada para evitar entradas desde Francia.<\/p>\n\n\n\n<figure class=\"wp-block-image size-large\"><a href=\"https:\/\/1.bp.blogspot.com\/-Rm3-N9K9lFI\/Xr42LGkS8TI\/AAAAAAAADZA\/-VeaZnoJWRkRcKKmU8QNa6sY4lnfkU28QCLcBGAsYHQ\/s1600\/canfranc2.jpg\"><img loading=\"lazy\" decoding=\"async\" width=\"960\" height=\"720\" src=\"https:\/\/www.elebe.at\/wp-content\/uploads\/canfranc2.jpg\" alt=\"\" class=\"wp-image-426\" srcset=\"https:\/\/www.elebe.at\/wp-content\/uploads\/canfranc2.jpg 960w, https:\/\/www.elebe.at\/wp-content\/uploads\/canfranc2-400x300.jpg 400w, https:\/\/www.elebe.at\/wp-content\/uploads\/canfranc2-768x576.jpg 768w\" sizes=\"auto, (max-width: 960px) 100vw, 960px\" \/><\/a><\/figure>\n\n\n\n<p>Durante la Segunda Guerra Mundial se prohibi\u00f3 el tr\u00e1fico de viajeros y la parte francesa fue ocupada por el ej\u00e9rcito nazi, que tuvo algunos roces con la parte espa\u00f1ola.<br>Seg\u00fan cuentan personas de aquellos tiempos, por Canfranc pasaban los trenes que llevaban wolframio a Alemania y, a cambio, Espa\u00f1a recib\u00eda 12 toneladas de oro y 4 de opio (en un a\u00f1o).<br>Tambi\u00e9n transcurr\u00edan trenes llenos de latas de sardinas, naranjas&#8230; de los que intentaban sisar algo para ir resistiendo. Y as\u00ed no pasaron hambre como en el resto del pa\u00eds.<\/p>\n\n\n\n<p>&nbsp;Cuando se derrumb\u00f3 el puente del Estanguet, el 27 de marzo de 1970, debido al descarrilamiento de un tren de mercanc\u00edas, se clausur\u00f3 la comunicaci\u00f3n con Francia.<br>Aunque a lo largo de los a\u00f1os se ha intentado recuperar la conexi\u00f3n, a d\u00eda de hoy todav\u00eda no se ha conseguido.<\/p>\n\n\n\n<p>Los servicios ferroviarios actuales de Renfe unen Canfranc con Zaragoza con dos itinerarios diarios de ida y vuelta. Hay un autob\u00fas que enlaza Canfranc con Bedous.<\/p>\n\n\n\n<figure class=\"wp-block-image size-large\"><a href=\"https:\/\/1.bp.blogspot.com\/-LwKcgKApS2o\/Xr42MAp7T3I\/AAAAAAAADZQ\/Q_HHYnHq-RMToxqHmfD2lJ92rkU2rBIUwCLcBGAsYHQ\/s1600\/canfranc5.jpg\"><img loading=\"lazy\" decoding=\"async\" width=\"960\" height=\"720\" src=\"https:\/\/www.elebe.at\/wp-content\/uploads\/canfranc5.jpg\" alt=\"\" class=\"wp-image-427\" srcset=\"https:\/\/www.elebe.at\/wp-content\/uploads\/canfranc5.jpg 960w, https:\/\/www.elebe.at\/wp-content\/uploads\/canfranc5-400x300.jpg 400w, https:\/\/www.elebe.at\/wp-content\/uploads\/canfranc5-768x576.jpg 768w\" sizes=\"auto, (max-width: 960px) 100vw, 960px\" \/><\/a><\/figure>\n\n\n\n<p>Debido a su situaci\u00f3n estrat\u00e9gica, durante la Segunda Guerra Mundial el jefe de estaci\u00f3n Albert Le lay se jug\u00f3 la vida albergando a jud\u00edos a los que intentaba pasar al otro and\u00e9n para poder tomar un tren a Lisboa, pero algunos no tuvieron suerte y fueron atrapados por la Gestapo y recluidos en campos de concentraci\u00f3n espa\u00f1oles.<\/p>\n\n\n\n<p>Los nombres de Albert Le Lay y su suegro, V\u00edctor Fair\u00e9n, que le facilit\u00f3 la huida, han quedado para la historia y en la novela \u00abVolver a Canfranc \u00bb de Rosario Raro se explica claramente todas las dificultades que tuvieron ayudando a huir a jud\u00edos a fin de que no cayesen en manos de la Gestapo.<br>Es una estaci\u00f3n muy original y el trayecto en tren, fabuloso, con unos paisajes fascinantes. Vale la pena llegar a Canfranc para disfrutar, aparte de la estaci\u00f3n, de todo su patrimonio hist\u00f3rico como la iglesia parroquial de la Asunci\u00f3n, el Fuerte de Coll de Ladrones, La torreta de los fusileros y restos del castillo medieval.<br>Y mientras tanto, os ofrecemos este novedoso documental a tiempo real desde Zaragoza a Canfranc. \u00a1Viajando desde casa!<\/p>\n\n\n\n<figure class=\"wp-block-embed-youtube wp-block-embed is-type-video is-provider-youtube wp-embed-aspect-16-9 wp-has-aspect-ratio\"><div class=\"wp-block-embed__wrapper\">\n<iframe loading=\"lazy\" title=\"EL VIAJE | Zaragoza - Canfranc | SLOW TV | Spanish train\" width=\"1140\" height=\"641\" src=\"https:\/\/www.youtube-nocookie.com\/embed\/dnDw3LU83BQ?feature=oembed\" frameborder=\"0\" allow=\"accelerometer; autoplay; encrypted-media; gyroscope; picture-in-picture\" allowfullscreen><\/iframe>\n<\/div><\/figure>\n\n\n\n<p>En resumen, Canfranc es un pueblo precioso y su estaci\u00f3n un monumento nacional. \u00a1No os lo perd\u00e1is!<\/p>\n\n\n\n<figure class=\"wp-block-image size-large\"><img loading=\"lazy\" decoding=\"async\" width=\"562\" height=\"368\" src=\"https:\/\/www.elebe.at\/wp-content\/uploads\/Tere-Seve-y-Silvina-en-Canfranc-en-mayo-del-2003-1.jpg\" alt=\"\" class=\"wp-image-428\" srcset=\"https:\/\/www.elebe.at\/wp-content\/uploads\/Tere-Seve-y-Silvina-en-Canfranc-en-mayo-del-2003-1.jpg 562w, https:\/\/www.elebe.at\/wp-content\/uploads\/Tere-Seve-y-Silvina-en-Canfranc-en-mayo-del-2003-1-400x262.jpg 400w\" sizes=\"auto, (max-width: 562px) 100vw, 562px\" \/><figcaption>Foto:&nbsp;A\u00f1o 2003 ,Teresa M, la la autora, con dos amigas en un viaje&nbsp;al sur de Francia, frente a la estaci\u00f3n de Canfranc<\/figcaption><\/figure>\n\n\n\n<p><\/p>\n","protected":false},"excerpt":{"rendered":"<p>Canfranc es una villa del municipio de la Jacetania, en la provincia de Huesca. Es un paso fronterizo [&#8230;]<\/p>\n<p><a class=\"read-more-arrow\" href=\"https:\/\/www.elebe.at\/es\/canfranc-un-enclave-estrategico-en-el-pirineo-aragones\/\"><svg width=\"106\" height=\"31\" id=\"Capa_2\" xmlns=\"http:\/\/www.w3.org\/2000\/svg\" viewBox=\"0 0 105.75 31.05\">\n                <g id=\"Capa_1-2\" fill=\"var(--bs-primary)\">\n                    <path class=\"cls-1\" d=\"M97.42,8.06c-.44-.46-.68-.74-.96-.98-1.25-1.09-2.51-2.16-3.75-3.26-.37-.33-.75-.66-1.06-1.04-.65-.81-.68-1.64-.13-2.26.56-.63,1.38-.7,2.25-.16.28.17.54.39.79.6,3.06,2.62,6.12,5.24,9.17,7.88.46.4.92.81,1.29,1.28,1.12,1.39.92,2.84-.53,3.85-.49.34-1.06.6-1.6.86-2.99,1.41-6,2.81-8.99,4.22-1.66.78-2.02.8-3.66.07-.13-1.46.74-2.33,1.91-2.94,2.06-1.06,4.16-2.05,6.24-3.07.47-.23.93-.47,1.35-.85-2.57-.99-5.17-1.31-7.76-.53-2.11.63-4.18,1.43-6.18,2.34-4.3,1.95-8.14,4.65-11.94,7.41-2.28,1.65-4.52,3.38-6.91,4.85-2.25,1.38-4.63,2.56-7.04,3.64-1.24.55-2.64.81-3.99,1-3.01.42-5.58-.58-7.52-2.91-.91-1.09-1.69-2.32-2.36-3.58-.83-1.55-1.48-3.2-2.23-4.8-.66-1.4-1.27-2.83-2.03-4.16-2.33-4.06-5.35-5.57-9.97-4.68-2.42.47-4.83,1.23-7.07,2.23-7.84,3.49-14.82,8.29-20.89,14.38-.47.47-.94.95-1.48,1.31-.59.4-1.26.4-1.83-.11-.56-.51-.65-1.17-.34-1.82.23-.49.57-.96.96-1.33,1.83-1.75,3.62-3.57,5.58-5.18,5.57-4.59,11.64-8.38,18.35-11.1,2.51-1.02,5.1-1.78,7.83-1.96,4.63-.3,8.34,1.36,10.92,5.23,1.03,1.55,1.85,3.26,2.67,4.94.98,1.98,1.77,4.05,2.8,6,2.25,4.24,4.64,5.23,9.13,3.5,2.45-.95,4.8-2.24,7.04-3.62,2.44-1.5,4.71-3.27,7.04-4.96,3.72-2.69,7.51-5.26,11.69-7.19,1.8-.83,3.66-1.55,5.52-2.23,2.1-.77,4.29-1.02,6.52-.88.3.02.61.02,1.19.03Z\"\/>\n                <\/g>\n                <\/svg><\/a><\/p>\n","protected":false},"author":1,"featured_media":424,"comment_status":"closed","ping_status":"open","sticky":false,"template":"","format":"standard","meta":{"_acf_changed":false,"footnotes":""},"categories":[1],"tags":[],"class_list":["post-423","post","type-post","status-publish","format-standard","has-post-thumbnail","hentry","category-blog"],"acf":[],"_links":{"self":[{"href":"https:\/\/www.elebe.at\/es\/wp-json\/wp\/v2\/posts\/423","targetHints":{"allow":["GET"]}}],"collection":[{"href":"https:\/\/www.elebe.at\/es\/wp-json\/wp\/v2\/posts"}],"about":[{"href":"https:\/\/www.elebe.at\/es\/wp-json\/wp\/v2\/types\/post"}],"author":[{"embeddable":true,"href":"https:\/\/www.elebe.at\/es\/wp-json\/wp\/v2\/users\/1"}],"replies":[{"embeddable":true,"href":"https:\/\/www.elebe.at\/es\/wp-json\/wp\/v2\/comments?post=423"}],"version-history":[{"count":1,"href":"https:\/\/www.elebe.at\/es\/wp-json\/wp\/v2\/posts\/423\/revisions"}],"predecessor-version":[{"id":2769,"href":"https:\/\/www.elebe.at\/es\/wp-json\/wp\/v2\/posts\/423\/revisions\/2769"}],"wp:featuredmedia":[{"embeddable":true,"href":"https:\/\/www.elebe.at\/es\/wp-json\/wp\/v2\/media\/424"}],"wp:attachment":[{"href":"https:\/\/www.elebe.at\/es\/wp-json\/wp\/v2\/media?parent=423"}],"wp:term":[{"taxonomy":"category","embeddable":true,"href":"https:\/\/www.elebe.at\/es\/wp-json\/wp\/v2\/categories?post=423"},{"taxonomy":"post_tag","embeddable":true,"href":"https:\/\/www.elebe.at\/es\/wp-json\/wp\/v2\/tags?post=423"}],"curies":[{"name":"wp","href":"https:\/\/api.w.org\/{rel}","templated":true}]}}